{"id":886,"date":"2021-04-25T22:00:00","date_gmt":"2021-04-25T20:00:00","guid":{"rendered":"https:\/\/live.forstmehren.de\/?p=886"},"modified":"2021-11-03T00:46:19","modified_gmt":"2021-11-02T23:46:19","slug":"19-cobelvo-von-vg-ak-ff","status":"publish","type":"post","link":"https:\/\/live.forstmehren.de\/?p=886","title":{"rendered":"19. CoBeLVO von VG AK-FF"},"content":{"rendered":"<div class=\"pdfprnt-buttons pdfprnt-buttons-post pdfprnt-top-right\"><a href=\"https:\/\/live.forstmehren.de\/index.php?rest_route=%2Fwp%2Fv2%2Fposts%2F886&print=pdf\" class=\"pdfprnt-button pdfprnt-button-pdf\" target=\"_blank\" ><img decoding=\"async\" src=\"https:\/\/live.forstmehren.de\/wp-content\/plugins\/pdf-print\/images\/pdf.png\" alt=\"image_pdf\" title=\"PDF Herunterladen\" \/><\/a><a href=\"https:\/\/live.forstmehren.de\/index.php?rest_route=%2Fwp%2Fv2%2Fposts%2F886&print=print\" class=\"pdfprnt-button pdfprnt-button-print\" target=\"_blank\" ><img decoding=\"async\" src=\"https:\/\/live.forstmehren.de\/wp-content\/plugins\/pdf-print\/images\/print.png\" alt=\"image_print\" title=\"Inhalt drucken\" \/><\/a><\/div>\n<p>Beigef\u00fcgt leiten wir Ihnen die neue Landesverordnung (19. CoBeLVO), das neue Bundesgesetz (\u00c4nderung des Infektionsschutzgesetz) und eine \u00dcbersicht \u00fcber die nun aktuell geltenden Corona-Regeln weiter.<\/p>\n\n\n\n<p>Die 19. CoBeLVO ist seit gestern in Kraft getreten und gilt bis zum 23. Mai 2021.<\/p>\n\n\n\n<p>Rheinland-Pfalz setzt die \u201eNotbremse\u201c ab Inzidenz 100 bereits seit M\u00e4rz konsequent um.<\/p>\n\n\n\n<p>Mit der von Bundestag und Bundesrat beschlossenen \u201eBundesnotbremse\u201c, sind seit gestern einige neue Regeln in Kraft getreten.<\/p>\n\n\n\n<p>Im Wesentlichen \u00e4ndern sich f\u00fcr Rheinland-Pfalz folgende Punkte:<\/p>\n\n\n\n<ul class=\"wp-block-list\"><li>Ausgangsbeschr\u00e4nkungen ab 22.00 Uhr statt 21.00 Uhr. Verst\u00f6\u00dfe gegen Kontaktbeschr\u00e4nkungen im Privatgen werden geahndet.<\/li><li>Schule: Bei Inzidenzen von mehr als 165: Fernunterricht und Notbetreuung. In den Kita\u00b4s weiter Notbetreuung.<\/li><li>F\u00fcr Besuche beim Friseur, der Fu\u00dfpflege, in Zoos und botanischen G\u00e4rten werden tagesaktuelle (nicht \u00e4lter als 24h) Tests n\u00f6tig.<\/li><\/ul>\n\n\n\n<p>Freundliche Gr\u00fc\u00dfe<\/p>\n\n\n\n<p>Im Auftrag<\/p>\n\n\n\n<p><strong>Armin Schmuck<\/strong><\/p>\n\n\n\n<p>Leiter Fachbereich IV \u2013 B\u00fcrgerdienste<\/p>\n\n\n\n<div class=\"wp-block-file\"><a href=\"https:\/\/live.forstmehren.de\/wp-content\/uploads\/2021\/11\/RLP_CO1.pdf\">RLP_CO~1<\/a><a href=\"https:\/\/live.forstmehren.de\/wp-content\/uploads\/2021\/11\/RLP_CO1.pdf\" class=\"wp-block-file__button\" download>Herunterladen<\/a><\/div>\n\n\n\n<div class=\"wp-block-file\"><a href=\"https:\/\/live.forstmehren.de\/wp-content\/uploads\/2021\/11\/VIERTE1.pdf\">VIERTE~1<\/a><a href=\"https:\/\/live.forstmehren.de\/wp-content\/uploads\/2021\/11\/VIERTE1.pdf\" class=\"wp-block-file__button\" download>Herunterladen<\/a><\/div>\n\n\n\n<div class=\"wp-block-file\"><a href=\"https:\/\/live.forstmehren.de\/wp-content\/uploads\/2021\/11\/19COBE1.pdf\">19COBE~1<\/a><a href=\"https:\/\/live.forstmehren.de\/wp-content\/uploads\/2021\/11\/19COBE1.pdf\" class=\"wp-block-file__button\" download>Herunterladen<\/a><\/div>\n","protected":false},"excerpt":{"rendered":"<p>Beigef\u00fcgt leiten wir Ihnen die neue Landesverordnung (19. CoBeLVO), das neue Bundesgesetz (\u00c4nderung des Infektionsschutzgesetz) und eine \u00dcbersicht \u00fcber die nun aktuell geltenden Corona-Regeln weiter. Die 19. CoBeLVO ist seit gestern in Kraft getreten und gilt bis zum 23. Mai 2021. Rheinland-Pfalz setzt die \u201eNotbremse\u201c ab Inzidenz 100 bereits seit M\u00e4rz konsequent um. Mit der &hellip; <\/p>\n<p class=\"link-more\"><a href=\"https:\/\/live.forstmehren.de\/?p=886\" class=\"more-link\"><span class=\"screen-reader-text\">\u201e19. CoBeLVO von VG AK-FF\u201c <\/span>weiterlesen<\/a><\/p>\n","protected":false},"author":1,"featured_media":0,"comment_status":"open","ping_status":"open","sticky":false,"template":"","format":"standard","meta":{"footnotes":""},"categories":[4,15],"tags":[],"class_list":["post-886","post","type-post","status-publish","format-standard","hentry","category-ogr","category-newsletter"],"_links":{"self":[{"href":"https:\/\/live.forstmehren.de\/index.php?rest_route=\/wp\/v2\/posts\/886","targetHints":{"allow":["GET"]}}],"collection":[{"href":"https:\/\/live.forstmehren.de\/index.php?rest_route=\/wp\/v2\/posts"}],"about":[{"href":"https:\/\/live.forstmehren.de\/index.php?rest_route=\/wp\/v2\/types\/post"}],"author":[{"embeddable":true,"href":"https:\/\/live.forstmehren.de\/index.php?rest_route=\/wp\/v2\/users\/1"}],"replies":[{"embeddable":true,"href":"https:\/\/live.forstmehren.de\/index.php?rest_route=%2Fwp%2Fv2%2Fcomments&post=886"}],"version-history":[{"count":1,"href":"https:\/\/live.forstmehren.de\/index.php?rest_route=\/wp\/v2\/posts\/886\/revisions"}],"predecessor-version":[{"id":890,"href":"https:\/\/live.forstmehren.de\/index.php?rest_route=\/wp\/v2\/posts\/886\/revisions\/890"}],"wp:attachment":[{"href":"https:\/\/live.forstmehren.de\/index.php?rest_route=%2Fwp%2Fv2%2Fmedia&parent=886"}],"wp:term":[{"taxonomy":"category","embeddable":true,"href":"https:\/\/live.forstmehren.de\/index.php?rest_route=%2Fwp%2Fv2%2Fcategories&post=886"},{"taxonomy":"post_tag","embeddable":true,"href":"https:\/\/live.forstmehren.de\/index.php?rest_route=%2Fwp%2Fv2%2Ftags&post=886"}],"curies":[{"name":"wp","href":"https:\/\/api.w.org\/{rel}","templated":true}]}}