{"id":1026,"date":"2022-12-27T17:00:00","date_gmt":"2022-12-27T16:00:00","guid":{"rendered":"https:\/\/live.forstmehren.de\/?p=1026"},"modified":"2023-01-01T02:44:13","modified_gmt":"2023-01-01T01:44:13","slug":"angebot-meditation","status":"publish","type":"post","link":"https:\/\/live.forstmehren.de\/?p=1026","title":{"rendered":"Angebot Meditation"},"content":{"rendered":"<div class=\"pdfprnt-buttons pdfprnt-buttons-post pdfprnt-top-right\"><a href=\"https:\/\/live.forstmehren.de\/index.php?rest_route=%2Fwp%2Fv2%2Fposts%2F1026&print=pdf\" class=\"pdfprnt-button pdfprnt-button-pdf\" target=\"_blank\" ><img decoding=\"async\" src=\"https:\/\/live.forstmehren.de\/wp-content\/plugins\/pdf-print\/images\/pdf.png\" alt=\"image_pdf\" title=\"PDF Herunterladen\" \/><\/a><a href=\"https:\/\/live.forstmehren.de\/index.php?rest_route=%2Fwp%2Fv2%2Fposts%2F1026&print=print\" class=\"pdfprnt-button pdfprnt-button-print\" target=\"_blank\" ><img decoding=\"async\" src=\"https:\/\/live.forstmehren.de\/wp-content\/plugins\/pdf-print\/images\/print.png\" alt=\"image_print\" title=\"Inhalt drucken\" \/><\/a><\/div>\n<p><strong>Angebot f\u00fcr die EinwohnerInnen von Forstmehren<\/strong><\/p>\n\n\n\n<p>Ich bin MariaTheresia Schmitz und wohne seid ca 2 Jahren in Forstmehren in der<br>Mehrbachstra\u00dfe 9.<\/p>\n\n\n\n<p>Im Rahmen der Dorfmoderation wurde festgestellt, dass es zum einen ein gutes<br>Miteinander innerhalb der Menschen in der Gemeinde gibt und zum anderen das<br>Miteinander und die Gemeinschaft bem\u00e4ngelt wurde.<\/p>\n\n\n\n<p>Mir liegt es am Herzen MITEINANDER zu leben und bei Problemen eine gemeinsame,<br>integrative L\u00f6sung zu finden. Meine beruflichen Wurzeln liegen im Gesundheitsbereich.<br>Ich bin selbst\u00e4ndige Kommunikatorin, Mediatorin, Aura Seherin und Energetische<br>Beraterin i.A. nach Rainer Str\u00fccker.<\/p>\n\n\n\n<p>Ich m\u00f6chte mit dazu beitragen das Leben friedvoller zu gestalten und bin gerne bereit, bei Problemen, die einem Miteinander im Wege stehen, Zeit (nach Absprache), Raum (Mehrbachst\u00fcbchen nach Absprache) und meine Unterst\u00fctzung zur Verf\u00fcgung zu stellen, damit L\u00f6sungen sichtbar und greifbar werden.<\/p>\n\n\n\n<p>Voraussetzung ist die Bereitschaft und den Mut der Ver\u00e4nderung.<\/p>\n\n\n\n<p>Erreichbar bin ich pers\u00f6nlich, telefonisch 0163-3732070 oder per Mail  info@mtschmitz.de<br>Ich freue mich auf ein MITEINANDER!<\/p>\n\n\n\n<p>MariaTheresia Schmitz<br>www.mt-schmitz.de<\/p>\n","protected":false},"excerpt":{"rendered":"<p>Angebot f\u00fcr die EinwohnerInnen von Forstmehren Ich bin MariaTheresia Schmitz und wohne seid ca 2 Jahren in Forstmehren in derMehrbachstra\u00dfe 9. Im Rahmen der Dorfmoderation wurde festgestellt, dass es zum einen ein gutesMiteinander innerhalb der Menschen in der Gemeinde gibt und zum anderen dasMiteinander und die Gemeinschaft bem\u00e4ngelt wurde. Mir liegt es am Herzen MITEINANDER &hellip; <\/p>\n<p class=\"link-more\"><a href=\"https:\/\/live.forstmehren.de\/?p=1026\" class=\"more-link\"><span class=\"screen-reader-text\">\u201eAngebot Meditation\u201c <\/span>weiterlesen<\/a><\/p>\n","protected":false},"author":1,"featured_media":0,"comment_status":"open","ping_status":"open","sticky":false,"template":"","format":"standard","meta":{"footnotes":""},"categories":[17,7],"tags":[],"class_list":["post-1026","post","type-post","status-publish","format-standard","hentry","category-dorferneuerung","category-leben-und-wohnen"],"_links":{"self":[{"href":"https:\/\/live.forstmehren.de\/index.php?rest_route=\/wp\/v2\/posts\/1026","targetHints":{"allow":["GET"]}}],"collection":[{"href":"https:\/\/live.forstmehren.de\/index.php?rest_route=\/wp\/v2\/posts"}],"about":[{"href":"https:\/\/live.forstmehren.de\/index.php?rest_route=\/wp\/v2\/types\/post"}],"author":[{"embeddable":true,"href":"https:\/\/live.forstmehren.de\/index.php?rest_route=\/wp\/v2\/users\/1"}],"replies":[{"embeddable":true,"href":"https:\/\/live.forstmehren.de\/index.php?rest_route=%2Fwp%2Fv2%2Fcomments&post=1026"}],"version-history":[{"count":1,"href":"https:\/\/live.forstmehren.de\/index.php?rest_route=\/wp\/v2\/posts\/1026\/revisions"}],"predecessor-version":[{"id":1027,"href":"https:\/\/live.forstmehren.de\/index.php?rest_route=\/wp\/v2\/posts\/1026\/revisions\/1027"}],"wp:attachment":[{"href":"https:\/\/live.forstmehren.de\/index.php?rest_route=%2Fwp%2Fv2%2Fmedia&parent=1026"}],"wp:term":[{"taxonomy":"category","embeddable":true,"href":"https:\/\/live.forstmehren.de\/index.php?rest_route=%2Fwp%2Fv2%2Fcategories&post=1026"},{"taxonomy":"post_tag","embeddable":true,"href":"https:\/\/live.forstmehren.de\/index.php?rest_route=%2Fwp%2Fv2%2Ftags&post=1026"}],"curies":[{"name":"wp","href":"https:\/\/api.w.org\/{rel}","templated":true}]}}